{"id":552333,"date":"2026-04-08T12:14:49","date_gmt":"2026-04-08T10:14:49","guid":{"rendered":"https:\/\/medizinonline.com\/anticoagulacao-apos-ablacao-por-cateter-durante-quanto-tempo\/"},"modified":"2026-04-08T12:15:04","modified_gmt":"2026-04-08T10:15:04","slug":"anticoagulacao-apos-ablacao-por-cateter-durante-quanto-tempo","status":"publish","type":"post","link":"https:\/\/medizinonline.com\/pt-pt\/anticoagulacao-apos-ablacao-por-cateter-durante-quanto-tempo\/","title":{"rendered":"Anticoagula\u00e7\u00e3o ap\u00f3s abla\u00e7\u00e3o por cateter &#8211; durante quanto tempo?"},"content":{"rendered":"\n<p><strong>Em grupos selecionados de doentes com fibrilha\u00e7\u00e3o auricular, a abla\u00e7\u00e3o pode conduzir a uma melhoria dos sintomas e\/ou do progn\u00f3stico. De modo a evitar complica\u00e7\u00f5es, a anticoagula\u00e7\u00e3o antes, durante e ap\u00f3s a abla\u00e7\u00e3o deve ser baseada em crit\u00e9rios. Existe um consenso de que a anticoagula\u00e7\u00e3o oral (ACO) periprocedimento \u00e9 geralmente recomendada independentemente do risco tromboemb\u00f3lico. Por outro lado, a continua\u00e7\u00e3o da ACO a longo prazo \u00e9 controversa. O estudo ALONE-AF publicado em 2025 forneceu novas evid\u00eancias a este respeito.    <\/strong><\/p>\n\n<div class=\"pmpro\"><div class=\"pmpro_card pmpro_content_message\"><div class=\"pmpro_card_content\">Dieser Inhalt ist nur f\u00fcr Benutzer der Gruppe: Medizinische Fachperson zug\u00e4nglich <br \/><a href=\"https:\/\/medizinonline.com\/pt-pt\/a-minha-conta\/pacotes\/\">Jetzt beitreten<\/a><\/div><div class=\"pmpro_card_actions pmpro_font-medium\">Already a member? <a href=\"https:\/\/medizinonline.com\/pt-pt\/iniciar-sessao\/?redirect_to=https%3A%2F%2Fmedizinonline.com%2Fpt-pt%2Fanticoagulacao-apos-ablacao-por-cateter-durante-quanto-tempo%2F\">Log in here<\/a><\/div><\/div><\/div>","protected":false},"excerpt":{"rendered":"<p>Em grupos selecionados de doentes com fibrilha\u00e7\u00e3o auricular, a abla\u00e7\u00e3o pode conduzir a uma melhoria dos sintomas e\/ou do progn\u00f3stico. De modo a evitar complica\u00e7\u00f5es, a anticoagula\u00e7\u00e3o antes, durante e&#8230;&hellip;... <\/p>\n<div class=\"pmpro\"><div class=\"pmpro_card pmpro_content_message\"><div class=\"pmpro_card_content\">Dieser Inhalt ist nur f\u00fcr Benutzer der Gruppe: Medizinische Fachperson zug\u00e4nglich <br \/><a href=\"https:\/\/medizinonline.com\/pt-pt\/a-minha-conta\/pacotes\/\">Jetzt beitreten<\/a><\/div><div class=\"pmpro_card_actions pmpro_font-medium\">Already a member? <a href=\"https:\/\/medizinonline.com\/pt-pt\/iniciar-sessao\/?redirect_to=https%3A%2F%2Fmedizinonline.com%2Fpt-pt%2Fanticoagulacao-apos-ablacao-por-cateter-durante-quanto-tempo%2F\">Log in here<\/a><\/div><\/div><\/div>","protected":false},"author":7,"featured_media":552337,"comment_status":"closed","ping_status":"closed","sticky":false,"template":"","format":"standard","meta":{"_acf_changed":false,"pmpro_default_level":"","cat_1_feature_home_top":false,"cat_2_editor_pick":false,"csco_eyebrow_text":"Fibrilha\u00e7\u00e3o auricular  ","footnotes":"[{\"id\":\"820568a2-f877-46aa-9cd3-4ea1abaef7c8\",\"content\":\"<em>Nas actuais diretrizes internacionais, os DOAC s\\u00e3o preferidos aos antagonistas da vitamina K para o in\\u00edcio de uma ACO [12].<\\\/em>\"},{\"id\":\"205024e4-65b0-4484-bd8e-fc21995fea78\",\"content\":\"<em>definido como uma pontua\\u00e7\\u00e3o <sub>CHA2DS2-VASc<\\\/sub> de 1 para homens e 2 para mulheres.<\\\/em>\"},{\"id\":\"10e7912f-dae4-4066-b708-ed9557cbfd58\",\"content\":\"<em>No grupo dos ACO, 78% dos doentes receberam 5 mg de apixabano, 8,7% 15 mg de rivaroxabano e 7,3% 20 mg de rivaroxabano<\\\/em>\"}]"},"category":[11367,11521,11529,11551],"tags":[90761,15510,19635,90763,14818,90762],"powerkit_post_featured":[],"class_list":["post-552333","post","type-post","status-publish","format-standard","has-post-thumbnail","category-cardiologia-pt-pt","category-estudos","category-relatorios-do-congresso","category-rx-pt","tag-ablacao-por-cateter","tag-anticoagulacao","tag-anticoagulacao-oral","tag-estudo-alone-af","tag-fibrilacao-atrial","tag-risco-tromboembolico","pmpro-level-required","pmpro-level-1","pmpro-no-access"],"acf":[],"publishpress_future_action":{"enabled":false,"date":"2026-05-05 14:19:11","action":"change-status","newStatus":"draft","terms":[],"taxonomy":"category","extraData":[]},"publishpress_future_workflow_manual_trigger":{"enabledWorkflows":[]},"wpml_current_locale":"pt_PT","wpml_translations":{"es_ES":{"locale":"es_ES","id":552316,"slug":"anticoagulacion-tras-la-ablacion-con-cateter-durante-cuanto-tiempo","post_title":"Anticoagulaci\u00f3n tras la ablaci\u00f3n con cat\u00e9ter: \u00bfdurante cu\u00e1nto tiempo?","href":"https:\/\/medizinonline.com\/es\/anticoagulacion-tras-la-ablacion-con-cateter-durante-cuanto-tiempo\/"}},"_links":{"self":[{"href":"https:\/\/medizinonline.com\/pt-pt\/wp-json\/wp\/v2\/posts\/552333","targetHints":{"allow":["GET"]}}],"collection":[{"href":"https:\/\/medizinonline.com\/pt-pt\/wp-json\/wp\/v2\/posts"}],"about":[{"href":"https:\/\/medizinonline.com\/pt-pt\/wp-json\/wp\/v2\/types\/post"}],"author":[{"embeddable":true,"href":"https:\/\/medizinonline.com\/pt-pt\/wp-json\/wp\/v2\/users\/7"}],"replies":[{"embeddable":true,"href":"https:\/\/medizinonline.com\/pt-pt\/wp-json\/wp\/v2\/comments?post=552333"}],"version-history":[{"count":1,"href":"https:\/\/medizinonline.com\/pt-pt\/wp-json\/wp\/v2\/posts\/552333\/revisions"}],"predecessor-version":[{"id":552338,"href":"https:\/\/medizinonline.com\/pt-pt\/wp-json\/wp\/v2\/posts\/552333\/revisions\/552338"}],"wp:featuredmedia":[{"embeddable":true,"href":"https:\/\/medizinonline.com\/pt-pt\/wp-json\/wp\/v2\/media\/552337"}],"wp:attachment":[{"href":"https:\/\/medizinonline.com\/pt-pt\/wp-json\/wp\/v2\/media?parent=552333"}],"wp:term":[{"taxonomy":"category","embeddable":true,"href":"https:\/\/medizinonline.com\/pt-pt\/wp-json\/wp\/v2\/category?post=552333"},{"taxonomy":"post_tag","embeddable":true,"href":"https:\/\/medizinonline.com\/pt-pt\/wp-json\/wp\/v2\/tags?post=552333"},{"taxonomy":"powerkit_post_featured","embeddable":true,"href":"https:\/\/medizinonline.com\/pt-pt\/wp-json\/wp\/v2\/powerkit_post_featured?post=552333"}],"curies":[{"name":"wp","href":"https:\/\/api.w.org\/{rel}","templated":true}]}}