{"id":555087,"date":"2026-04-28T21:33:58","date_gmt":"2026-04-28T19:33:58","guid":{"rendered":"https:\/\/medizinonline.com\/?p=555087"},"modified":"2026-04-28T21:34:11","modified_gmt":"2026-04-28T19:34:11","slug":"as-opcoes-de-terapia-direcionada-estao-a-aumentar","status":"publish","type":"post","link":"https:\/\/medizinonline.com\/pt-pt\/as-opcoes-de-terapia-direcionada-estao-a-aumentar\/","title":{"rendered":"As op\u00e7\u00f5es de terapia direcionada est\u00e3o a aumentar"},"content":{"rendered":"\n<p><strong>A fisiopatologia do prurigo nodular (PN) \u00e9 multifatorial e complexa, mas recentemente foram feitos grandes progressos em termos de op\u00e7\u00f5es de tratamento. Para al\u00e9m dos anticorpos monoclonais dupilumab e nemolizumab aprovados com base nos estudos PRIME\/PRIME2 e no programa de estudos OLYMPIA, est\u00e3o atualmente a ser investigadas v\u00e1rias subst\u00e2ncias activas sist\u00e9micas em estudos cl\u00ednicos de fase II e III, incluindo v\u00e1rios anticorpos monoclonais e inibidores da Janus quinase. <\/strong><\/p>\n\n<div class=\"pmpro\"><div class=\"pmpro_card pmpro_content_message\"><div class=\"pmpro_card_content\">Dieser Inhalt ist nur f\u00fcr Benutzer der Gruppe: Medizinische Fachperson zug\u00e4nglich <br \/><a href=\"https:\/\/medizinonline.com\/pt-pt\/a-minha-conta\/pacotes\/\">Jetzt beitreten<\/a><\/div><div class=\"pmpro_card_actions pmpro_font-medium\">Already a member? <a href=\"https:\/\/medizinonline.com\/pt-pt\/iniciar-sessao\/?redirect_to=https%3A%2F%2Fmedizinonline.com%2Fpt-pt%2Fas-opcoes-de-terapia-direcionada-estao-a-aumentar%2F\">Log in here<\/a><\/div><\/div><\/div>","protected":false},"excerpt":{"rendered":"<p>A fisiopatologia do prurigo nodular (PN) \u00e9 multifatorial e complexa, mas recentemente foram feitos grandes progressos em termos de op\u00e7\u00f5es de tratamento. Para al\u00e9m dos anticorpos monoclonais dupilumab e nemolizumab&#8230;&hellip;... <\/p>\n<div class=\"pmpro\"><div class=\"pmpro_card pmpro_content_message\"><div class=\"pmpro_card_content\">Dieser Inhalt ist nur f\u00fcr Benutzer der Gruppe: Medizinische Fachperson zug\u00e4nglich <br \/><a href=\"https:\/\/medizinonline.com\/pt-pt\/a-minha-conta\/pacotes\/\">Jetzt beitreten<\/a><\/div><div class=\"pmpro_card_actions pmpro_font-medium\">Already a member? <a href=\"https:\/\/medizinonline.com\/pt-pt\/iniciar-sessao\/?redirect_to=https%3A%2F%2Fmedizinonline.com%2Fpt-pt%2Fas-opcoes-de-terapia-direcionada-estao-a-aumentar%2F\">Log in here<\/a><\/div><\/div><\/div>","protected":false},"author":7,"featured_media":555088,"comment_status":"closed","ping_status":"closed","sticky":false,"template":"","format":"standard","meta":{"_acf_changed":false,"pmpro_default_level":"","cat_1_feature_home_top":false,"cat_2_editor_pick":false,"csco_eyebrow_text":"Prurigo nodularis: tratamento baseado em evid\u00eancias  ","footnotes":""},"category":[11344,11356,11521,11453,11524,11551],"tags":[67630,82463,12487,13525,91511,91516,65865,85929,83514,91514,65863,83513],"powerkit_post_featured":[],"class_list":["post-555087","post","type-post","status-publish","format-standard","has-post-thumbnail","category-alergologia-e-imunologia-clinica","category-dermatologia-e-venereologia-pt-pt","category-estudos","category-farmacologia-e-toxicologia","category-formacao-continua","category-rx-pt","tag-abrocitinib-pt-pt","tag-barzolvolimab-pt-pt","tag-comichao","tag-dupilumab-pt-pt","tag-moduladores-opiaceos","tag-nalbuphin","tag-nemolizumab-pt-pt","tag-olimpia","tag-povorcitinib-pt-pt","tag-prime-prime2","tag-prurigo-nodularis-pt-pt","tag-vixarelimab-pt-pt","pmpro-level-required","pmpro-level-1","pmpro-no-access"],"acf":[],"publishpress_future_action":{"enabled":false,"date":"2026-05-08 13:27:47","action":"change-status","newStatus":"draft","terms":[],"taxonomy":"category","extraData":[]},"publishpress_future_workflow_manual_trigger":{"enabledWorkflows":[]},"wpml_current_locale":"pt_PT","wpml_translations":{"es_ES":{"locale":"es_ES","id":555096,"slug":"aumentan-las-opciones-de-terapia-dirigida","post_title":"Aumentan las opciones de terapia dirigida","href":"https:\/\/medizinonline.com\/es\/aumentan-las-opciones-de-terapia-dirigida\/"}},"_links":{"self":[{"href":"https:\/\/medizinonline.com\/pt-pt\/wp-json\/wp\/v2\/posts\/555087","targetHints":{"allow":["GET"]}}],"collection":[{"href":"https:\/\/medizinonline.com\/pt-pt\/wp-json\/wp\/v2\/posts"}],"about":[{"href":"https:\/\/medizinonline.com\/pt-pt\/wp-json\/wp\/v2\/types\/post"}],"author":[{"embeddable":true,"href":"https:\/\/medizinonline.com\/pt-pt\/wp-json\/wp\/v2\/users\/7"}],"replies":[{"embeddable":true,"href":"https:\/\/medizinonline.com\/pt-pt\/wp-json\/wp\/v2\/comments?post=555087"}],"version-history":[{"count":1,"href":"https:\/\/medizinonline.com\/pt-pt\/wp-json\/wp\/v2\/posts\/555087\/revisions"}],"predecessor-version":[{"id":555090,"href":"https:\/\/medizinonline.com\/pt-pt\/wp-json\/wp\/v2\/posts\/555087\/revisions\/555090"}],"wp:featuredmedia":[{"embeddable":true,"href":"https:\/\/medizinonline.com\/pt-pt\/wp-json\/wp\/v2\/media\/555088"}],"wp:attachment":[{"href":"https:\/\/medizinonline.com\/pt-pt\/wp-json\/wp\/v2\/media?parent=555087"}],"wp:term":[{"taxonomy":"category","embeddable":true,"href":"https:\/\/medizinonline.com\/pt-pt\/wp-json\/wp\/v2\/category?post=555087"},{"taxonomy":"post_tag","embeddable":true,"href":"https:\/\/medizinonline.com\/pt-pt\/wp-json\/wp\/v2\/tags?post=555087"},{"taxonomy":"powerkit_post_featured","embeddable":true,"href":"https:\/\/medizinonline.com\/pt-pt\/wp-json\/wp\/v2\/powerkit_post_featured?post=555087"}],"curies":[{"name":"wp","href":"https:\/\/api.w.org\/{rel}","templated":true}]}}