{"id":559122,"date":"2026-08-09T21:47:40","date_gmt":"2026-08-09T19:47:40","guid":{"rendered":"https:\/\/medizinonline.com\/?p=559122"},"modified":"2026-08-09T21:47:50","modified_gmt":"2026-08-09T19:47:50","slug":"nova-diretriz-classifica-os-dados-cientificos-relativos-as-terapias-topicas-e-sistemicas","status":"publish","type":"post","link":"https:\/\/medizinonline.com\/pt-pt\/nova-diretriz-classifica-os-dados-cientificos-relativos-as-terapias-topicas-e-sistemicas\/","title":{"rendered":"Nova diretriz classifica os dados cient\u00edficos relativos \u00e0s terapias t\u00f3picas e sist\u00e9micas"},"content":{"rendered":"\n<p class=\"wp-block-paragraph\"><strong>O grau de gravidade da alopecia areata tem grande import\u00e2ncia para o aconselhamento e o planeamento do tratamento; no entanto, para garantir os melhores cuidados poss\u00edveis, \u00e9 necess\u00e1rio ter tamb\u00e9m em conta a idade dos doentes, as consequ\u00eancias individuais da queda de cabelo, bem como outros aspetos espec\u00edficos de cada doente. Na nova diretriz S3, publicada recentemente, s\u00e3o apresentadas recomenda\u00e7\u00f5es consensuais e baseadas em evid\u00eancias para diversas situa\u00e7\u00f5es cl\u00ednicas e subgrupos de doentes. Com a recente autoriza\u00e7\u00e3o de comercializa\u00e7\u00e3o dos inibidores de JAK, o leque de tratamentos foi significativamente alargado, mas tamb\u00e9m se registaram outros avan\u00e7os.    <\/strong><\/p>\n\n<div class=\"pmpro\"><div class=\"pmpro_card pmpro_content_message\"><div class=\"pmpro_card_content\">Dieser Inhalt ist nur f\u00fcr Benutzer der Gruppe: Medizinische Fachperson zug\u00e4nglich <br \/><a href=\"https:\/\/medizinonline.com\/pt-pt\/a-minha-conta\/pacotes\/\">Jetzt beitreten<\/a><\/div><div class=\"pmpro_card_actions pmpro_font-medium\">Already a member? <a href=\"https:\/\/medizinonline.com\/pt-pt\/iniciar-sessao\/?redirect_to=https%3A%2F%2Fmedizinonline.com%2Fpt-pt%2Fnova-diretriz-classifica-os-dados-cientificos-relativos-as-terapias-topicas-e-sistemicas%2F\">Log in here<\/a><\/div><\/div><\/div>","protected":false},"excerpt":{"rendered":"<p>O grau de gravidade da alopecia areata tem grande import\u00e2ncia para o aconselhamento e o planeamento do tratamento; no entanto, para garantir os melhores cuidados poss\u00edveis, \u00e9 necess\u00e1rio ter tamb\u00e9m&#8230;&hellip;... <\/p>\n<div class=\"pmpro\"><div class=\"pmpro_card pmpro_content_message\"><div class=\"pmpro_card_content\">Dieser Inhalt ist nur f\u00fcr Benutzer der Gruppe: Medizinische Fachperson zug\u00e4nglich <br \/><a href=\"https:\/\/medizinonline.com\/pt-pt\/a-minha-conta\/pacotes\/\">Jetzt beitreten<\/a><\/div><div class=\"pmpro_card_actions pmpro_font-medium\">Already a member? <a href=\"https:\/\/medizinonline.com\/pt-pt\/iniciar-sessao\/?redirect_to=https%3A%2F%2Fmedizinonline.com%2Fpt-pt%2Fnova-diretriz-classifica-os-dados-cientificos-relativos-as-terapias-topicas-e-sistemicas%2F\">Log in here<\/a><\/div><\/div><\/div>","protected":false},"author":7,"featured_media":559126,"comment_status":"closed","ping_status":"closed","sticky":false,"template":"","format":"standard","meta":{"_acf_changed":false,"pmpro_default_level":"","cat_1_feature_home_top":false,"cat_2_editor_pick":false,"csco_eyebrow_text":"Alopecia areata em crian\u00e7as, adolescentes e adultos","footnotes":"","_members_access_role":[],"_members_access_error":""},"category":[11551,11344,11356,11521,11524],"tags":[51439,94903,17573,24263,18362,12289,36545,17578,50790,94904,31158,17582,27692,13225,12506,65859,94901,94900,24107,12508,94902],"powerkit_post_featured":[],"class_list":["post-559122","post","type-post","status-publish","format-standard","has-post-thumbnail","category-rx-pt","category-alergologia-e-imunologia-clinica","category-dermatologia-e-venereologia-pt-pt","category-estudos","category-formacao-continua","tag-alopecia-areata-pt-pt","tag-antralina","tag-baricitinib-pt-pt","tag-base-probatoria","tag-corticosteroides-pt-pt","tag-directriz","tag-dithranol-pt-pt","tag-inibidores-jak","tag-kenacort-pt-pt","tag-litfulo","tag-minoxidil-pt-pt","tag-olumiant-pt-pt","tag-prednisolone-pt-pt","tag-prp-pt-pt","tag-recomendacoes","tag-ritlecitinib-pt-pt","tag-situacoes-clinicas","tag-subgrupos","tag-terapia-sistemica-pt-pt","tag-terapia-topica","tag-triamcort","pmpro-level-required","pmpro-level-1","pmpro-no-access"],"acf":[],"publishpress_future_action":{"enabled":false,"date":"2026-09-07 19:56:24","action":"change-status","newStatus":"draft","terms":[],"taxonomy":"category","extraData":[]},"publishpress_future_workflow_manual_trigger":{"enabledWorkflows":[]},"wpml_current_locale":"pt_PT","wpml_translations":{"es_ES":{"locale":"es_ES","id":559375,"slug":"una-nueva-guia-clasifica-la-evidencia-cientifica-de-los-tratamientos-topicos-y-sistemicos","post_title":"Una nueva gu\u00eda clasifica la evidencia cient\u00edfica de los tratamientos t\u00f3picos y sist\u00e9micos","href":"https:\/\/medizinonline.com\/es\/una-nueva-guia-clasifica-la-evidencia-cientifica-de-los-tratamientos-topicos-y-sistemicos\/"}},"_links":{"self":[{"href":"https:\/\/medizinonline.com\/pt-pt\/wp-json\/wp\/v2\/posts\/559122","targetHints":{"allow":["GET"]}}],"collection":[{"href":"https:\/\/medizinonline.com\/pt-pt\/wp-json\/wp\/v2\/posts"}],"about":[{"href":"https:\/\/medizinonline.com\/pt-pt\/wp-json\/wp\/v2\/types\/post"}],"author":[{"embeddable":true,"href":"https:\/\/medizinonline.com\/pt-pt\/wp-json\/wp\/v2\/users\/7"}],"replies":[{"embeddable":true,"href":"https:\/\/medizinonline.com\/pt-pt\/wp-json\/wp\/v2\/comments?post=559122"}],"version-history":[{"count":1,"href":"https:\/\/medizinonline.com\/pt-pt\/wp-json\/wp\/v2\/posts\/559122\/revisions"}],"predecessor-version":[{"id":559127,"href":"https:\/\/medizinonline.com\/pt-pt\/wp-json\/wp\/v2\/posts\/559122\/revisions\/559127"}],"wp:featuredmedia":[{"embeddable":true,"href":"https:\/\/medizinonline.com\/pt-pt\/wp-json\/wp\/v2\/media\/559126"}],"wp:attachment":[{"href":"https:\/\/medizinonline.com\/pt-pt\/wp-json\/wp\/v2\/media?parent=559122"}],"wp:term":[{"taxonomy":"category","embeddable":true,"href":"https:\/\/medizinonline.com\/pt-pt\/wp-json\/wp\/v2\/category?post=559122"},{"taxonomy":"post_tag","embeddable":true,"href":"https:\/\/medizinonline.com\/pt-pt\/wp-json\/wp\/v2\/tags?post=559122"},{"taxonomy":"powerkit_post_featured","embeddable":true,"href":"https:\/\/medizinonline.com\/pt-pt\/wp-json\/wp\/v2\/powerkit_post_featured?post=559122"}],"curies":[{"name":"wp","href":"https:\/\/api.w.org\/{rel}","templated":true}]}}