{"id":562206,"date":"2026-09-04T21:07:14","date_gmt":"2026-09-04T19:07:14","guid":{"rendered":"https:\/\/medizinonline.com\/?p=562206"},"modified":"2026-09-04T21:07:21","modified_gmt":"2026-09-04T19:07:21","slug":"quadro-clinico-diagnostico-e-tratamento","status":"publish","type":"post","link":"https:\/\/medizinonline.com\/pt-pt\/quadro-clinico-diagnostico-e-tratamento\/","title":{"rendered":"Quadro cl\u00ednico, diagn\u00f3stico e tratamento"},"content":{"rendered":"\n<p class=\"wp-block-paragraph\"><strong>Os sintomas t\u00edpicos desta osteocondrose e inflama\u00e7\u00e3o da tuberosidade da t\u00edbia s\u00e3o queixas relacionadas com o esfor\u00e7o f\u00edsico em jovens desportistas. As crian\u00e7as com idades compreendidas entre os 10 e os 15 anos s\u00e3o as mais frequentemente afetadas. Os sintomas incluem dor, incha\u00e7o e sensibilidade sobre o tub\u00e9rculo da t\u00edbia, no local de inser\u00e7\u00e3o do tend\u00e3o patelar. O diagn\u00f3stico baseia-se na anamn\u00e9se, no exame cl\u00ednico e em exames de imagem. O tratamento \u00e9, regra geral, conservador.<\/strong><\/p>\n\n<div class=\"pmpro\"><div class=\"pmpro_card pmpro_content_message\"><div class=\"pmpro_card_content\">Dieser Inhalt ist nur f\u00fcr Benutzer der Gruppe: Medizinische Fachperson zug\u00e4nglich <br \/><a href=\"https:\/\/medizinonline.com\/pt-pt\/a-minha-conta\/pacotes\/\">Jetzt beitreten<\/a><\/div><div class=\"pmpro_card_actions pmpro_font-medium\">Already a member? <a href=\"https:\/\/medizinonline.com\/pt-pt\/iniciar-sessao\/?redirect_to=https%3A%2F%2Fmedizinonline.com%2Fpt-pt%2Fquadro-clinico-diagnostico-e-tratamento%2F\">Log in here<\/a><\/div><\/div><\/div>","protected":false},"excerpt":{"rendered":"<p>Os sintomas t\u00edpicos desta osteocondrose e inflama\u00e7\u00e3o da tuberosidade da t\u00edbia s\u00e3o queixas relacionadas com o esfor\u00e7o f\u00edsico em jovens desportistas. As crian\u00e7as com idades compreendidas entre os 10 e&#8230;&hellip;... <\/p>\n<div class=\"pmpro\"><div class=\"pmpro_card pmpro_content_message\"><div class=\"pmpro_card_content\">Dieser Inhalt ist nur f\u00fcr Benutzer der Gruppe: Medizinische Fachperson zug\u00e4nglich <br \/><a href=\"https:\/\/medizinonline.com\/pt-pt\/a-minha-conta\/pacotes\/\">Jetzt beitreten<\/a><\/div><div class=\"pmpro_card_actions pmpro_font-medium\">Already a member? <a href=\"https:\/\/medizinonline.com\/pt-pt\/iniciar-sessao\/?redirect_to=https%3A%2F%2Fmedizinonline.com%2Fpt-pt%2Fquadro-clinico-diagnostico-e-tratamento%2F\">Log in here<\/a><\/div><\/div><\/div>","protected":false},"author":7,"featured_media":562212,"comment_status":"closed","ping_status":"closed","sticky":false,"template":"","format":"standard","meta":{"_acf_changed":false,"pmpro_default_level":"","cat_1_feature_home_top":false,"cat_2_editor_pick":false,"csco_eyebrow_text":"Doen\u00e7a de Osgood-Schlatter  ","footnotes":"","_members_access_role":[],"_members_access_error":""},"category":[11551,11536,11524,11445,11450],"tags":[12287,99072,14958,99077,99075,99076,99073,99079,99071,99074,12500],"powerkit_post_featured":[],"class_list":["post-562206","post","type-post","status-publish","format-standard","has-post-thumbnail","category-rx-pt","category-casos-pt-pt","category-formacao-continua","category-ortopedia-pt-pt","category-pediatria-pt-pt","tag-diagnostico","tag-doenca-de-osgood-schlatter","tag-dor-pt-pt-2","tag-inchaco","tag-inflamacao-da-tuberosidade-da-tibia","tag-jovens-desportistas","tag-osteocondrose-2","tag-ponto-de-insercao-do-tendao-rotuliano","tag-quadro-clinico","tag-queixas-relacionadas-com-o-esforco-fisico","tag-tratamento","pmpro-level-required","pmpro-level-1","pmpro-no-access"],"acf":[],"publishpress_future_action":{"enabled":false,"date":"2026-09-11 23:38:04","action":"change-status","newStatus":"draft","terms":[],"taxonomy":"category","extraData":[]},"publishpress_future_workflow_manual_trigger":{"enabledWorkflows":[]},"wpml_current_locale":"pt_PT","wpml_translations":{"es_ES":{"locale":"es_ES","id":562217,"slug":"cuadro-clinico-diagnostico-y-tratamiento","post_title":"Cuadro cl\u00ednico, diagn\u00f3stico y tratamiento","href":"https:\/\/medizinonline.com\/es\/cuadro-clinico-diagnostico-y-tratamiento\/"}},"_links":{"self":[{"href":"https:\/\/medizinonline.com\/pt-pt\/wp-json\/wp\/v2\/posts\/562206","targetHints":{"allow":["GET"]}}],"collection":[{"href":"https:\/\/medizinonline.com\/pt-pt\/wp-json\/wp\/v2\/posts"}],"about":[{"href":"https:\/\/medizinonline.com\/pt-pt\/wp-json\/wp\/v2\/types\/post"}],"author":[{"embeddable":true,"href":"https:\/\/medizinonline.com\/pt-pt\/wp-json\/wp\/v2\/users\/7"}],"replies":[{"embeddable":true,"href":"https:\/\/medizinonline.com\/pt-pt\/wp-json\/wp\/v2\/comments?post=562206"}],"version-history":[{"count":1,"href":"https:\/\/medizinonline.com\/pt-pt\/wp-json\/wp\/v2\/posts\/562206\/revisions"}],"predecessor-version":[{"id":564488,"href":"https:\/\/medizinonline.com\/pt-pt\/wp-json\/wp\/v2\/posts\/562206\/revisions\/564488"}],"wp:featuredmedia":[{"embeddable":true,"href":"https:\/\/medizinonline.com\/pt-pt\/wp-json\/wp\/v2\/media\/562212"}],"wp:attachment":[{"href":"https:\/\/medizinonline.com\/pt-pt\/wp-json\/wp\/v2\/media?parent=562206"}],"wp:term":[{"taxonomy":"category","embeddable":true,"href":"https:\/\/medizinonline.com\/pt-pt\/wp-json\/wp\/v2\/category?post=562206"},{"taxonomy":"post_tag","embeddable":true,"href":"https:\/\/medizinonline.com\/pt-pt\/wp-json\/wp\/v2\/tags?post=562206"},{"taxonomy":"powerkit_post_featured","embeddable":true,"href":"https:\/\/medizinonline.com\/pt-pt\/wp-json\/wp\/v2\/powerkit_post_featured?post=562206"}],"curies":[{"name":"wp","href":"https:\/\/api.w.org\/{rel}","templated":true}]}}