{"id":563502,"date":"2026-09-02T00:30:00","date_gmt":"2026-09-01T22:30:00","guid":{"rendered":"https:\/\/medizinonline.com\/?p=563502"},"modified":"2026-08-28T17:26:38","modified_gmt":"2026-08-28T15:26:38","slug":"novas-opcoes-terapeuticas-para-a-pn-do-tipo-attrv","status":"publish","type":"post","link":"https:\/\/medizinonline.com\/pt-pt\/novas-opcoes-terapeuticas-para-a-pn-do-tipo-attrv\/","title":{"rendered":"Novas op\u00e7\u00f5es terap\u00eauticas para a PN do tipo ATTRv"},"content":{"rendered":"\n<figure class=\"wp-block-table\"><table class=\"has-fixed-layout\"><tbody><tr><td><strong>A amiloidose heredit\u00e1ria da transtiretina com polineuropatia (ATTRv-PN) \u00e9 uma polineuropatia heredit\u00e1ria, progressiva, que surge na idade adulta e que frequentemente se associa a um envolvimento card\u00edaco. A s\u00edndrome do t\u00fanel do carpo, bem como a desnerva\u00e7\u00e3o sensorial e sudomotora da pele, podem preceder os sintomas de uma polineuropatia acentuada. O tratamento requer uma terapia modificadora da doen\u00e7a adaptada ao fen\u00f3tipo, tratamento sintom\u00e1tico e acompanhamento multidisciplinar.<\/strong><\/td><\/tr><\/tbody><\/table><\/figure>\n\n<div class=\"pmpro\"><div class=\"pmpro_card pmpro_content_message\"><div class=\"pmpro_card_content\">Dieser Inhalt ist nur f\u00fcr Benutzer der Gruppe: Medizinische Fachperson zug\u00e4nglich <br \/><a href=\"https:\/\/medizinonline.com\/pt-pt\/a-minha-conta\/pacotes\/\">Jetzt beitreten<\/a><\/div><div class=\"pmpro_card_actions pmpro_font-medium\">Already a member? <a href=\"https:\/\/medizinonline.com\/pt-pt\/iniciar-sessao\/?redirect_to=https%3A%2F%2Fmedizinonline.com%2Fpt-pt%2Fnovas-opcoes-terapeuticas-para-a-pn-do-tipo-attrv%2F\">Log in here<\/a><\/div><\/div><\/div>","protected":false},"excerpt":{"rendered":"<p>A amiloidose heredit\u00e1ria da transtiretina com polineuropatia (ATTRv-PN) \u00e9 uma polineuropatia heredit\u00e1ria, progressiva, que surge na idade adulta e que frequentemente se associa a um envolvimento card\u00edaco. A s\u00edndrome do&#8230;&hellip;... <\/p>\n<div class=\"pmpro\"><div class=\"pmpro_card pmpro_content_message\"><div class=\"pmpro_card_content\">Dieser Inhalt ist nur f\u00fcr Benutzer der Gruppe: Medizinische Fachperson zug\u00e4nglich <br \/><a href=\"https:\/\/medizinonline.com\/pt-pt\/a-minha-conta\/pacotes\/\">Jetzt beitreten<\/a><\/div><div class=\"pmpro_card_actions pmpro_font-medium\">Already a member? <a href=\"https:\/\/medizinonline.com\/pt-pt\/iniciar-sessao\/?redirect_to=https%3A%2F%2Fmedizinonline.com%2Fpt-pt%2Fnovas-opcoes-terapeuticas-para-a-pn-do-tipo-attrv%2F\">Log in here<\/a><\/div><\/div><\/div>","protected":false},"author":7,"featured_media":563508,"comment_status":"closed","ping_status":"closed","sticky":false,"template":"","format":"standard","meta":{"_acf_changed":false,"pmpro_default_level":"","cat_1_feature_home_top":false,"cat_2_editor_pick":false,"csco_eyebrow_text":"Amiloidose heredit\u00e1ria da transtiretina com polineuropatia","footnotes":"","_members_access_role":[],"_members_access_error":""},"category":[11551,11367,11521,11453,11524,11407,11305,11374],"tags":[99911,99912,99910,99915,94124,99913,20179,11805],"powerkit_post_featured":[],"class_list":["post-563502","post","type-post","status-publish","format-standard","has-post-thumbnail","category-rx-pt","category-cardiologia-pt-pt","category-estudos","category-farmacologia-e-toxicologia","category-formacao-continua","category-gastroenterologia-e-hepatologia","category-medicina-interna-geral","category-neurologia-pt-pt","tag-amiloidose-hereditaria","tag-amiloidose-hereditaria-da-transtiretina-com-polineuropatia","tag-attrv-pn","tag-eliminacao-de-amiloide","tag-estabilizadores-ttr","tag-gen-silencer","tag-neuropatia-pt-pt","tag-terapia-pt-pt","pmpro-level-required","pmpro-level-1","pmpro-no-access"],"acf":[],"publishpress_future_action":{"enabled":false,"date":"2026-09-09 02:17:26","action":"change-status","newStatus":"draft","terms":[],"taxonomy":"category","extraData":[]},"publishpress_future_workflow_manual_trigger":{"enabledWorkflows":[]},"wpml_current_locale":"pt_PT","wpml_translations":{"es_ES":{"locale":"es_ES","id":563517,"slug":"nuevas-opciones-terapeuticas-para-la-pn-de-tipo-attrv","post_title":"Nuevas opciones terap\u00e9uticas para la PN de tipo ATTRv","href":"https:\/\/medizinonline.com\/es\/nuevas-opciones-terapeuticas-para-la-pn-de-tipo-attrv\/"}},"_links":{"self":[{"href":"https:\/\/medizinonline.com\/pt-pt\/wp-json\/wp\/v2\/posts\/563502","targetHints":{"allow":["GET"]}}],"collection":[{"href":"https:\/\/medizinonline.com\/pt-pt\/wp-json\/wp\/v2\/posts"}],"about":[{"href":"https:\/\/medizinonline.com\/pt-pt\/wp-json\/wp\/v2\/types\/post"}],"author":[{"embeddable":true,"href":"https:\/\/medizinonline.com\/pt-pt\/wp-json\/wp\/v2\/users\/7"}],"replies":[{"embeddable":true,"href":"https:\/\/medizinonline.com\/pt-pt\/wp-json\/wp\/v2\/comments?post=563502"}],"version-history":[{"count":1,"href":"https:\/\/medizinonline.com\/pt-pt\/wp-json\/wp\/v2\/posts\/563502\/revisions"}],"predecessor-version":[{"id":563673,"href":"https:\/\/medizinonline.com\/pt-pt\/wp-json\/wp\/v2\/posts\/563502\/revisions\/563673"}],"wp:featuredmedia":[{"embeddable":true,"href":"https:\/\/medizinonline.com\/pt-pt\/wp-json\/wp\/v2\/media\/563508"}],"wp:attachment":[{"href":"https:\/\/medizinonline.com\/pt-pt\/wp-json\/wp\/v2\/media?parent=563502"}],"wp:term":[{"taxonomy":"category","embeddable":true,"href":"https:\/\/medizinonline.com\/pt-pt\/wp-json\/wp\/v2\/category?post=563502"},{"taxonomy":"post_tag","embeddable":true,"href":"https:\/\/medizinonline.com\/pt-pt\/wp-json\/wp\/v2\/tags?post=563502"},{"taxonomy":"powerkit_post_featured","embeddable":true,"href":"https:\/\/medizinonline.com\/pt-pt\/wp-json\/wp\/v2\/powerkit_post_featured?post=563502"}],"curies":[{"name":"wp","href":"https:\/\/api.w.org\/{rel}","templated":true}]}}