{"id":563831,"date":"2026-08-26T04:00:00","date_gmt":"2026-08-26T02:00:00","guid":{"rendered":"https:\/\/medizinonline.com\/imunomodulacao-de-primeira-classe-aliada-a-praticabilidade-os-dados-disponiveis-ate-ao-momento-sao-convincentes\/"},"modified":"2026-08-26T04:00:00","modified_gmt":"2026-08-26T02:00:00","slug":"imunomodulacao-de-primeira-classe-aliada-a-praticabilidade-os-dados-disponiveis-ate-ao-momento-sao-convincentes","status":"publish","type":"post","link":"https:\/\/medizinonline.com\/pt-pt\/imunomodulacao-de-primeira-classe-aliada-a-praticabilidade-os-dados-disponiveis-ate-ao-momento-sao-convincentes\/","title":{"rendered":"Imunomodula\u00e7\u00e3o de primeira classe aliada \u00e0 praticabilidade \u2013 os dados dispon\u00edveis at\u00e9 ao momento s\u00e3o convincentes"},"content":{"rendered":"<p>... <\/p>\n<div class=\"pmpro\"><div class=\"pmpro_card pmpro_content_message\"><div class=\"pmpro_card_content\">Dieser Inhalt ist nur f\u00fcr Benutzer der Gruppe: Medizinische Fachperson zug\u00e4nglich <br \/><a href=\"https:\/\/medizinonline.com\/pt-pt\/a-minha-conta\/pacotes\/\">Jetzt beitreten<\/a><\/div><div class=\"pmpro_card_actions pmpro_font-medium\">Already a member? <a href=\"https:\/\/medizinonline.com\/pt-pt\/iniciar-sessao\/?redirect_to=https%3A%2F%2Fmedizinonline.com%2Fpt-pt%2Fimunomodulacao-de-primeira-classe-aliada-a-praticabilidade-os-dados-disponiveis-ate-ao-momento-sao-convincentes%2F\">Log in here<\/a><\/div><\/div><\/div>","protected":false},"excerpt":{"rendered":"<p>&#8230; Dieser Inhalt ist nur f\u00fcr Benutzer der Gruppe: Medizinische Fachperson zug\u00e4nglich Jetzt beitretenAlready a member? Log in here... <\/p>\n<div class=\"pmpro\"><div class=\"pmpro_card pmpro_content_message\"><div class=\"pmpro_card_content\">Dieser Inhalt ist nur f\u00fcr Benutzer der Gruppe: Medizinische Fachperson zug\u00e4nglich <br \/><a href=\"https:\/\/medizinonline.com\/pt-pt\/a-minha-conta\/pacotes\/\">Jetzt beitreten<\/a><\/div><div class=\"pmpro_card_actions pmpro_font-medium\">Already a member? <a href=\"https:\/\/medizinonline.com\/pt-pt\/iniciar-sessao\/?redirect_to=https%3A%2F%2Fmedizinonline.com%2Fpt-pt%2Fimunomodulacao-de-primeira-classe-aliada-a-praticabilidade-os-dados-disponiveis-ate-ao-momento-sao-convincentes%2F\">Log in here<\/a><\/div><\/div><\/div>","protected":false},"author":7,"featured_media":563833,"comment_status":"closed","ping_status":"closed","sticky":false,"template":"","format":"standard","meta":{"_acf_changed":false,"pmpro_default_level":"","cat_1_feature_home_top":false,"cat_2_editor_pick":false,"csco_eyebrow_text":"Op\u00e7\u00f5es orais inovadoras para a psor\u00edase: Icotrokinra e Zasocitinib  ","footnotes":"","_members_access_role":[],"_members_access_error":""},"category":[11551,11356,11521,11529,11496],"tags":[95034,100025,84530,100026,20126,84528,13978,95038],"powerkit_post_featured":[],"class_list":["post-563831","post","type-post","status-publish","format-standard","has-post-thumbnail","category-rx-pt","category-dermatologia-e-venereologia-pt-pt","category-estudos","category-relatorios-do-congresso","category-reumatologia-pt-pt","tag-conveniencia","tag-iconic-total","tag-icotrokinra-pt-pt","tag-latitude-pso-3001-3002","tag-modulacao-imune","tag-peptido-oral-pt-pt","tag-psoriase-pt-pt","tag-zasocitinib","pmpro-level-required","pmpro-level-1","pmpro-no-access"],"acf":[],"publishpress_future_action":{"enabled":false,"date":"2026-09-09 09:22:37","action":"change-status","newStatus":"draft","terms":[],"taxonomy":"category","extraData":[]},"publishpress_future_workflow_manual_trigger":{"enabledWorkflows":[]},"wpml_current_locale":"pt_PT","wpml_translations":{"es_ES":{"locale":"es_ES","id":563806,"slug":"una-combinacion-de-inmunomodulacion-de-primera-clase-y-comodidad-los-datos-disponibles-hasta-la-fecha-son-convincentes","post_title":"Una combinaci\u00f3n de inmunomodulaci\u00f3n de primera clase y comodidad: los datos disponibles hasta la fecha son convincentes","href":"https:\/\/medizinonline.com\/es\/una-combinacion-de-inmunomodulacion-de-primera-clase-y-comodidad-los-datos-disponibles-hasta-la-fecha-son-convincentes\/"}},"_links":{"self":[{"href":"https:\/\/medizinonline.com\/pt-pt\/wp-json\/wp\/v2\/posts\/563831","targetHints":{"allow":["GET"]}}],"collection":[{"href":"https:\/\/medizinonline.com\/pt-pt\/wp-json\/wp\/v2\/posts"}],"about":[{"href":"https:\/\/medizinonline.com\/pt-pt\/wp-json\/wp\/v2\/types\/post"}],"author":[{"embeddable":true,"href":"https:\/\/medizinonline.com\/pt-pt\/wp-json\/wp\/v2\/users\/7"}],"replies":[{"embeddable":true,"href":"https:\/\/medizinonline.com\/pt-pt\/wp-json\/wp\/v2\/comments?post=563831"}],"version-history":[{"count":0,"href":"https:\/\/medizinonline.com\/pt-pt\/wp-json\/wp\/v2\/posts\/563831\/revisions"}],"wp:featuredmedia":[{"embeddable":true,"href":"https:\/\/medizinonline.com\/pt-pt\/wp-json\/wp\/v2\/media\/563833"}],"wp:attachment":[{"href":"https:\/\/medizinonline.com\/pt-pt\/wp-json\/wp\/v2\/media?parent=563831"}],"wp:term":[{"taxonomy":"category","embeddable":true,"href":"https:\/\/medizinonline.com\/pt-pt\/wp-json\/wp\/v2\/category?post=563831"},{"taxonomy":"post_tag","embeddable":true,"href":"https:\/\/medizinonline.com\/pt-pt\/wp-json\/wp\/v2\/tags?post=563831"},{"taxonomy":"powerkit_post_featured","embeddable":true,"href":"https:\/\/medizinonline.com\/pt-pt\/wp-json\/wp\/v2\/powerkit_post_featured?post=563831"}],"curies":[{"name":"wp","href":"https:\/\/api.w.org\/{rel}","templated":true}]}}