{"id":563869,"date":"2026-08-26T03:00:00","date_gmt":"2026-08-26T01:00:00","guid":{"rendered":"https:\/\/medizinonline.com\/para-a-gestao-a-longo-prazo-as-opcoes-terapeuticas-anti-inflamatorias-sem-esteroides-sao-essenciais\/"},"modified":"2026-08-31T16:35:19","modified_gmt":"2026-08-31T14:35:19","slug":"para-a-gestao-a-longo-prazo-as-opcoes-terapeuticas-anti-inflamatorias-sem-esteroides-sao-essenciais","status":"publish","type":"post","link":"https:\/\/medizinonline.com\/pt-pt\/para-a-gestao-a-longo-prazo-as-opcoes-terapeuticas-anti-inflamatorias-sem-esteroides-sao-essenciais\/","title":{"rendered":"Para a gest\u00e3o a longo prazo, as op\u00e7\u00f5es terap\u00eauticas anti-inflamat\u00f3rias sem ester\u00f3ides s\u00e3o essenciais"},"content":{"rendered":"\n<p class=\"wp-block-paragraph\"><strong>O eczema cr\u00f3nico das m\u00e3os (CHE) conta-se entre as doen\u00e7as cut\u00e2neas inflamat\u00f3rias mais persistentes na idade adulta. Cerca de um ter\u00e7o dos doentes sofre de eczema das m\u00e3os de gravidade moderada a grave. O tratamento do CHE visa um al\u00edvio sustent\u00e1vel dos sintomas, para que os doentes alcancem uma boa qualidade de vida e possam retomar as suas atividades quotidianas normais. Muitos dos doentes ou n\u00e3o respondem de forma satisfat\u00f3ria aos ester\u00f3ides t\u00f3picos (TCS) ou sofrem de efeitos secund\u00e1rios quando estes s\u00e3o utilizados durante per\u00edodos prolongados. Por conseguinte, para a gest\u00e3o a longo prazo, \u00e9 aconselh\u00e1vel recorrer a uma op\u00e7\u00e3o sem ester\u00f3ides que seja bem tolerada e eficaz.<\/strong><\/p>\n\n<div class=\"pmpro\"><div class=\"pmpro_card pmpro_content_message\"><div class=\"pmpro_card_content\">Dieser Inhalt ist nur f\u00fcr Benutzer der Gruppe: Medizinische Fachperson zug\u00e4nglich <br \/><a href=\"https:\/\/medizinonline.com\/pt-pt\/a-minha-conta\/pacotes\/\">Jetzt beitreten<\/a><\/div><div class=\"pmpro_card_actions pmpro_font-medium\">Already a member? <a href=\"https:\/\/medizinonline.com\/pt-pt\/iniciar-sessao\/?redirect_to=https%3A%2F%2Fmedizinonline.com%2Fpt-pt%2Fpara-a-gestao-a-longo-prazo-as-opcoes-terapeuticas-anti-inflamatorias-sem-esteroides-sao-essenciais%2F\">Log in here<\/a><\/div><\/div><\/div>","protected":false},"excerpt":{"rendered":"<p>O eczema cr\u00f3nico das m\u00e3os (CHE) conta-se entre as doen\u00e7as cut\u00e2neas inflamat\u00f3rias mais persistentes na idade adulta. Cerca de um ter\u00e7o dos doentes sofre de eczema das m\u00e3os de gravidade&#8230;&hellip;... <\/p>\n<div class=\"pmpro\"><div class=\"pmpro_card pmpro_content_message\"><div class=\"pmpro_card_content\">Dieser Inhalt ist nur f\u00fcr Benutzer der Gruppe: Medizinische Fachperson zug\u00e4nglich <br \/><a href=\"https:\/\/medizinonline.com\/pt-pt\/a-minha-conta\/pacotes\/\">Jetzt beitreten<\/a><\/div><div class=\"pmpro_card_actions pmpro_font-medium\">Already a member? <a href=\"https:\/\/medizinonline.com\/pt-pt\/iniciar-sessao\/?redirect_to=https%3A%2F%2Fmedizinonline.com%2Fpt-pt%2Fpara-a-gestao-a-longo-prazo-as-opcoes-terapeuticas-anti-inflamatorias-sem-esteroides-sao-essenciais%2F\">Log in here<\/a><\/div><\/div><\/div>","protected":false},"author":7,"featured_media":563870,"comment_status":"closed","ping_status":"closed","sticky":false,"template":"","format":"standard","meta":{"_acf_changed":false,"pmpro_default_level":"","cat_1_feature_home_top":false,"cat_2_editor_pick":false,"csco_eyebrow_text":"Eczema cr\u00f3nico das m\u00e3os: frequente, prolongado e inc\u00f3modo  ","footnotes":"","_members_access_role":[],"_members_access_error":""},"category":[11551,11344,11356,11521,11453],"tags":[72020,80588,19749,86002,33132,17567,16688,100052,18372,82479],"powerkit_post_featured":[],"class_list":["post-563869","post","type-post","status-publish","format-standard","has-post-thumbnail","category-rx-pt","category-alergologia-e-imunologia-clinica","category-dermatologia-e-venereologia-pt-pt","category-estudos","category-farmacologia-e-toxicologia","tag-alitretinoina-pt-pt","tag-delgocitinib-pt-pt","tag-delta-pt-pt","tag-delta-forca","tag-eczema-cronico-da-mao","tag-esteroides-topicos","tag-gestao-a-longo-prazo","tag-sem-esteroides","tag-tcs-pt-pt","tag-toupgo","pmpro-level-required","pmpro-level-1","pmpro-no-access"],"acf":[],"publishpress_future_action":{"enabled":false,"date":"2026-09-09 09:23:29","action":"change-status","newStatus":"draft","terms":[],"taxonomy":"category","extraData":[]},"publishpress_future_workflow_manual_trigger":{"enabledWorkflows":[]},"wpml_current_locale":"pt_PT","wpml_translations":{"es_ES":{"locale":"es_ES","id":563872,"slug":"para-el-tratamiento-a-largo-plazo-son-esenciales-las-opciones-terapeuticas-antiinflamatorias-sin-esteroides","post_title":"Para el tratamiento a largo plazo, son esenciales las opciones terap\u00e9uticas antiinflamatorias sin esteroides","href":"https:\/\/medizinonline.com\/es\/para-el-tratamiento-a-largo-plazo-son-esenciales-las-opciones-terapeuticas-antiinflamatorias-sin-esteroides\/"}},"_links":{"self":[{"href":"https:\/\/medizinonline.com\/pt-pt\/wp-json\/wp\/v2\/posts\/563869","targetHints":{"allow":["GET"]}}],"collection":[{"href":"https:\/\/medizinonline.com\/pt-pt\/wp-json\/wp\/v2\/posts"}],"about":[{"href":"https:\/\/medizinonline.com\/pt-pt\/wp-json\/wp\/v2\/types\/post"}],"author":[{"embeddable":true,"href":"https:\/\/medizinonline.com\/pt-pt\/wp-json\/wp\/v2\/users\/7"}],"replies":[{"embeddable":true,"href":"https:\/\/medizinonline.com\/pt-pt\/wp-json\/wp\/v2\/comments?post=563869"}],"version-history":[{"count":1,"href":"https:\/\/medizinonline.com\/pt-pt\/wp-json\/wp\/v2\/posts\/563869\/revisions"}],"predecessor-version":[{"id":563871,"href":"https:\/\/medizinonline.com\/pt-pt\/wp-json\/wp\/v2\/posts\/563869\/revisions\/563871"}],"wp:featuredmedia":[{"embeddable":true,"href":"https:\/\/medizinonline.com\/pt-pt\/wp-json\/wp\/v2\/media\/563870"}],"wp:attachment":[{"href":"https:\/\/medizinonline.com\/pt-pt\/wp-json\/wp\/v2\/media?parent=563869"}],"wp:term":[{"taxonomy":"category","embeddable":true,"href":"https:\/\/medizinonline.com\/pt-pt\/wp-json\/wp\/v2\/category?post=563869"},{"taxonomy":"post_tag","embeddable":true,"href":"https:\/\/medizinonline.com\/pt-pt\/wp-json\/wp\/v2\/tags?post=563869"},{"taxonomy":"powerkit_post_featured","embeddable":true,"href":"https:\/\/medizinonline.com\/pt-pt\/wp-json\/wp\/v2\/powerkit_post_featured?post=563869"}],"curies":[{"name":"wp","href":"https:\/\/api.w.org\/{rel}","templated":true}]}}