{"id":564212,"date":"2026-08-29T02:00:00","date_gmt":"2026-08-29T00:00:00","guid":{"rendered":"https:\/\/medizinonline.com\/efeitos-na-saude-no-bem-estar-e-na-produtividade\/"},"modified":"2026-09-04T09:32:46","modified_gmt":"2026-09-04T07:32:46","slug":"efeitos-na-saude-no-bem-estar-e-na-produtividade","status":"publish","type":"post","link":"https:\/\/medizinonline.com\/pt-pt\/efeitos-na-saude-no-bem-estar-e-na-produtividade\/","title":{"rendered":"Efeitos na sa\u00fade, no bem-estar e na produtividade"},"content":{"rendered":"\n<p class=\"wp-block-paragraph\"><strong>Segundo a Organiza\u00e7\u00e3o Mundial de Sa\u00fade (OMS), 19 % dos fatores que influenciam a sa\u00fade, o bem-estar e a produtividade est\u00e3o relacionados com as caracter\u00edsticas do ambiente constru\u00eddo [1]. A maioria das pessoas passa mais de metade do seu tempo de trabalho em espa\u00e7os interiores [2] e h\u00e1 cada vez mais ind\u00edcios de que o design dos espa\u00e7os \u00e9 um fator relevante n\u00e3o s\u00f3 para o bem-estar, mas tamb\u00e9m para a produtividade no trabalho. Num <em>estudo-piloto de realidade virtual<\/em>, foi analisado, com base numa abordagem inovadora, se e de que forma um design de escrit\u00f3rio biof\u00edlico pode aumentar a aten\u00e7\u00e3o visual e contribuir para uma melhoria do desempenho cognitivo.<\/strong><\/p>\n\n<div class=\"pmpro\"><div class=\"pmpro_card pmpro_content_message\"><div class=\"pmpro_card_content\">Dieser Inhalt ist nur f\u00fcr Benutzer der Gruppe: Medizinische Fachperson zug\u00e4nglich <br \/><a href=\"https:\/\/medizinonline.com\/pt-pt\/a-minha-conta\/pacotes\/\">Jetzt beitreten<\/a><\/div><div class=\"pmpro_card_actions pmpro_font-medium\">Already a member? <a href=\"https:\/\/medizinonline.com\/pt-pt\/iniciar-sessao\/?redirect_to=https%3A%2F%2Fmedizinonline.com%2Fpt-pt%2Fefeitos-na-saude-no-bem-estar-e-na-produtividade%2F\">Log in here<\/a><\/div><\/div><\/div>","protected":false},"excerpt":{"rendered":"<p>Segundo a Organiza\u00e7\u00e3o Mundial de Sa\u00fade (OMS), 19 % dos fatores que influenciam a sa\u00fade, o bem-estar e a produtividade est\u00e3o relacionados com as caracter\u00edsticas do ambiente constru\u00eddo [1]. A&#8230;&hellip;... <\/p>\n<div class=\"pmpro\"><div class=\"pmpro_card pmpro_content_message\"><div class=\"pmpro_card_content\">Dieser Inhalt ist nur f\u00fcr Benutzer der Gruppe: Medizinische Fachperson zug\u00e4nglich <br \/><a href=\"https:\/\/medizinonline.com\/pt-pt\/a-minha-conta\/pacotes\/\">Jetzt beitreten<\/a><\/div><div class=\"pmpro_card_actions pmpro_font-medium\">Already a member? <a href=\"https:\/\/medizinonline.com\/pt-pt\/iniciar-sessao\/?redirect_to=https%3A%2F%2Fmedizinonline.com%2Fpt-pt%2Fefeitos-na-saude-no-bem-estar-e-na-produtividade%2F\">Log in here<\/a><\/div><\/div><\/div>","protected":false},"author":7,"featured_media":564215,"comment_status":"closed","ping_status":"closed","sticky":false,"template":"","format":"standard","meta":{"_acf_changed":false,"pmpro_default_level":"","cat_1_feature_home_top":false,"cat_2_editor_pick":false,"csco_eyebrow_text":"Conce\u00e7\u00e3o biof\u00edlica de ambientes de trabalho  ","footnotes":"","_members_access_role":[],"_members_access_error":""},"category":[11551,11521,11305,11544,11474],"tags":[100240,100238,100242,100247,100246,100244,69857,100245,13068],"powerkit_post_featured":[],"class_list":["post-564212","post","type-post","status-publish","format-standard","has-post-thumbnail","category-rx-pt","category-estudos","category-medicina-interna-geral","category-pratica-de-gestao","category-prevencao-e-cuidados-de-saude","tag-ambientes-de-trabalho","tag-bem-estar-2","tag-concecao-biofilica","tag-conselho-mundial-de-edificios-sustentaveis","tag-estudo-piloto-sobre-realidade-virtual","tag-hipotese-da-biofilia","tag-organizacao-mundial-de-saude","tag-produtividade","tag-saude","pmpro-level-required","pmpro-level-1","pmpro-no-access"],"acf":[],"publishpress_future_action":{"enabled":false,"date":"2026-09-11 11:31:35","action":"change-status","newStatus":"draft","terms":[],"taxonomy":"category","extraData":[]},"publishpress_future_workflow_manual_trigger":{"enabledWorkflows":[]},"wpml_current_locale":"pt_PT","wpml_translations":{"es_ES":{"locale":"es_ES","id":564218,"slug":"efectos-sobre-la-salud-el-bienestar-y-la-productividad","post_title":"Efectos sobre la salud, el bienestar y la productividad","href":"https:\/\/medizinonline.com\/es\/efectos-sobre-la-salud-el-bienestar-y-la-productividad\/"}},"_links":{"self":[{"href":"https:\/\/medizinonline.com\/pt-pt\/wp-json\/wp\/v2\/posts\/564212","targetHints":{"allow":["GET"]}}],"collection":[{"href":"https:\/\/medizinonline.com\/pt-pt\/wp-json\/wp\/v2\/posts"}],"about":[{"href":"https:\/\/medizinonline.com\/pt-pt\/wp-json\/wp\/v2\/types\/post"}],"author":[{"embeddable":true,"href":"https:\/\/medizinonline.com\/pt-pt\/wp-json\/wp\/v2\/users\/7"}],"replies":[{"embeddable":true,"href":"https:\/\/medizinonline.com\/pt-pt\/wp-json\/wp\/v2\/comments?post=564212"}],"version-history":[{"count":1,"href":"https:\/\/medizinonline.com\/pt-pt\/wp-json\/wp\/v2\/posts\/564212\/revisions"}],"predecessor-version":[{"id":564216,"href":"https:\/\/medizinonline.com\/pt-pt\/wp-json\/wp\/v2\/posts\/564212\/revisions\/564216"}],"wp:featuredmedia":[{"embeddable":true,"href":"https:\/\/medizinonline.com\/pt-pt\/wp-json\/wp\/v2\/media\/564215"}],"wp:attachment":[{"href":"https:\/\/medizinonline.com\/pt-pt\/wp-json\/wp\/v2\/media?parent=564212"}],"wp:term":[{"taxonomy":"category","embeddable":true,"href":"https:\/\/medizinonline.com\/pt-pt\/wp-json\/wp\/v2\/category?post=564212"},{"taxonomy":"post_tag","embeddable":true,"href":"https:\/\/medizinonline.com\/pt-pt\/wp-json\/wp\/v2\/tags?post=564212"},{"taxonomy":"powerkit_post_featured","embeddable":true,"href":"https:\/\/medizinonline.com\/pt-pt\/wp-json\/wp\/v2\/powerkit_post_featured?post=564212"}],"curies":[{"name":"wp","href":"https:\/\/api.w.org\/{rel}","templated":true}]}}