{"id":14335,"count":1,"description":"","link":"https:\/\/medizinonline.com\/pt-pt\/tag\/exposicao-a-radiacao-uv\/","name":"Exposi\u00e7\u00e3o \u00e0 radia\u00e7\u00e3o UV","slug":"exposicao-a-radiacao-uv","taxonomy":"post_tag","meta":[],"_links":{"self":[{"href":"https:\/\/medizinonline.com\/pt-pt\/wp-json\/wp\/v2\/tags\/14335","targetHints":{"allow":["GET"]}}],"collection":[{"href":"https:\/\/medizinonline.com\/pt-pt\/wp-json\/wp\/v2\/tags"}],"about":[{"href":"https:\/\/medizinonline.com\/pt-pt\/wp-json\/wp\/v2\/taxonomies\/post_tag"}],"wp:post_type":[{"href":"https:\/\/medizinonline.com\/pt-pt\/wp-json\/wp\/v2\/posts?tags=14335"},{"href":"https:\/\/medizinonline.com\/pt-pt\/wp-json\/wp\/v2\/article_rx?tags=14335"},{"href":"https:\/\/medizinonline.com\/pt-pt\/wp-json\/wp\/v2\/post_dl?tags=14335"},{"href":"https:\/\/medizinonline.com\/pt-pt\/wp-json\/wp\/v2\/tribe_events?tags=14335"},{"href":"https:\/\/medizinonline.com\/pt-pt\/wp-json\/wp\/v2\/tec_calendar_embed?tags=14335"}],"curies":[{"name":"wp","href":"https:\/\/api.w.org\/{rel}","templated":true}]}}