{"id":14899,"count":2,"description":"","link":"https:\/\/medizinonline.com\/pt-pt\/tag\/sindrome-de-activacao-de-mastocitos\/","name":"S\u00edndrome de activa\u00e7\u00e3o de mast\u00f3citos","slug":"sindrome-de-activacao-de-mastocitos","taxonomy":"post_tag","meta":[],"_links":{"self":[{"href":"https:\/\/medizinonline.com\/pt-pt\/wp-json\/wp\/v2\/tags\/14899","targetHints":{"allow":["GET"]}}],"collection":[{"href":"https:\/\/medizinonline.com\/pt-pt\/wp-json\/wp\/v2\/tags"}],"about":[{"href":"https:\/\/medizinonline.com\/pt-pt\/wp-json\/wp\/v2\/taxonomies\/post_tag"}],"wp:post_type":[{"href":"https:\/\/medizinonline.com\/pt-pt\/wp-json\/wp\/v2\/posts?tags=14899"},{"href":"https:\/\/medizinonline.com\/pt-pt\/wp-json\/wp\/v2\/article_rx?tags=14899"},{"href":"https:\/\/medizinonline.com\/pt-pt\/wp-json\/wp\/v2\/post_dl?tags=14899"},{"href":"https:\/\/medizinonline.com\/pt-pt\/wp-json\/wp\/v2\/tribe_events?tags=14899"},{"href":"https:\/\/medizinonline.com\/pt-pt\/wp-json\/wp\/v2\/tec_calendar_embed?tags=14899"}],"curies":[{"name":"wp","href":"https:\/\/api.w.org\/{rel}","templated":true}]}}