{"id":16442,"count":2,"description":"","link":"https:\/\/medizinonline.com\/pt-pt\/tag\/defeito-congenito-do-coracao\/","name":"Defeito cong\u00e9nito do cora\u00e7\u00e3o","slug":"defeito-congenito-do-coracao","taxonomy":"post_tag","meta":[],"_links":{"self":[{"href":"https:\/\/medizinonline.com\/pt-pt\/wp-json\/wp\/v2\/tags\/16442","targetHints":{"allow":["GET"]}}],"collection":[{"href":"https:\/\/medizinonline.com\/pt-pt\/wp-json\/wp\/v2\/tags"}],"about":[{"href":"https:\/\/medizinonline.com\/pt-pt\/wp-json\/wp\/v2\/taxonomies\/post_tag"}],"wp:post_type":[{"href":"https:\/\/medizinonline.com\/pt-pt\/wp-json\/wp\/v2\/posts?tags=16442"},{"href":"https:\/\/medizinonline.com\/pt-pt\/wp-json\/wp\/v2\/article_rx?tags=16442"},{"href":"https:\/\/medizinonline.com\/pt-pt\/wp-json\/wp\/v2\/post_dl?tags=16442"},{"href":"https:\/\/medizinonline.com\/pt-pt\/wp-json\/wp\/v2\/tribe_events?tags=16442"},{"href":"https:\/\/medizinonline.com\/pt-pt\/wp-json\/wp\/v2\/tec_calendar_embed?tags=16442"}],"curies":[{"name":"wp","href":"https:\/\/api.w.org\/{rel}","templated":true}]}}