{"id":43073,"count":1,"description":"","link":"https:\/\/medizinonline.com\/pt-pt\/tag\/activacao-de-mastocitos\/","name":"activa\u00e7\u00e3o de mast\u00f3citos","slug":"activacao-de-mastocitos","taxonomy":"post_tag","meta":[],"_links":{"self":[{"href":"https:\/\/medizinonline.com\/pt-pt\/wp-json\/wp\/v2\/tags\/43073","targetHints":{"allow":["GET"]}}],"collection":[{"href":"https:\/\/medizinonline.com\/pt-pt\/wp-json\/wp\/v2\/tags"}],"about":[{"href":"https:\/\/medizinonline.com\/pt-pt\/wp-json\/wp\/v2\/taxonomies\/post_tag"}],"wp:post_type":[{"href":"https:\/\/medizinonline.com\/pt-pt\/wp-json\/wp\/v2\/posts?tags=43073"},{"href":"https:\/\/medizinonline.com\/pt-pt\/wp-json\/wp\/v2\/article_rx?tags=43073"},{"href":"https:\/\/medizinonline.com\/pt-pt\/wp-json\/wp\/v2\/post_dl?tags=43073"},{"href":"https:\/\/medizinonline.com\/pt-pt\/wp-json\/wp\/v2\/tribe_events?tags=43073"},{"href":"https:\/\/medizinonline.com\/pt-pt\/wp-json\/wp\/v2\/tec_calendar_embed?tags=43073"}],"curies":[{"name":"wp","href":"https:\/\/api.w.org\/{rel}","templated":true}]}}