{"id":65963,"count":1,"description":"","link":"https:\/\/medizinonline.com\/pt-pt\/tag\/prevencao-de-infeccoes-e-higiene-no-tratamento-de-feridas\/","name":"Preven\u00e7\u00e3o de infec\u00e7\u00f5es e higiene no tratamento de feridas","slug":"prevencao-de-infeccoes-e-higiene-no-tratamento-de-feridas","taxonomy":"post_tag","meta":[],"_links":{"self":[{"href":"https:\/\/medizinonline.com\/pt-pt\/wp-json\/wp\/v2\/tags\/65963","targetHints":{"allow":["GET"]}}],"collection":[{"href":"https:\/\/medizinonline.com\/pt-pt\/wp-json\/wp\/v2\/tags"}],"about":[{"href":"https:\/\/medizinonline.com\/pt-pt\/wp-json\/wp\/v2\/taxonomies\/post_tag"}],"wp:post_type":[{"href":"https:\/\/medizinonline.com\/pt-pt\/wp-json\/wp\/v2\/posts?tags=65963"},{"href":"https:\/\/medizinonline.com\/pt-pt\/wp-json\/wp\/v2\/article_rx?tags=65963"},{"href":"https:\/\/medizinonline.com\/pt-pt\/wp-json\/wp\/v2\/post_dl?tags=65963"},{"href":"https:\/\/medizinonline.com\/pt-pt\/wp-json\/wp\/v2\/tribe_events?tags=65963"},{"href":"https:\/\/medizinonline.com\/pt-pt\/wp-json\/wp\/v2\/tec_calendar_embed?tags=65963"}],"curies":[{"name":"wp","href":"https:\/\/api.w.org\/{rel}","templated":true}]}}