{"id":75675,"count":1,"description":"","link":"https:\/\/medizinonline.com\/pt-pt\/tag\/implicacoes-para-a-melhoria-clinica-cumulativa-e-prolongada-induzida-pelo-acido-hialuronico-reticulado\/","name":"Implica\u00e7\u00f5es para a melhoria cl\u00ednica cumulativa e prolongada induzida pelo \u00e1cido hialur\u00f3nico reticulado","slug":"implicacoes-para-a-melhoria-clinica-cumulativa-e-prolongada-induzida-pelo-acido-hialuronico-reticulado","taxonomy":"post_tag","meta":[],"_links":{"self":[{"href":"https:\/\/medizinonline.com\/pt-pt\/wp-json\/wp\/v2\/tags\/75675","targetHints":{"allow":["GET"]}}],"collection":[{"href":"https:\/\/medizinonline.com\/pt-pt\/wp-json\/wp\/v2\/tags"}],"about":[{"href":"https:\/\/medizinonline.com\/pt-pt\/wp-json\/wp\/v2\/taxonomies\/post_tag"}],"wp:post_type":[{"href":"https:\/\/medizinonline.com\/pt-pt\/wp-json\/wp\/v2\/posts?tags=75675"},{"href":"https:\/\/medizinonline.com\/pt-pt\/wp-json\/wp\/v2\/article_rx?tags=75675"},{"href":"https:\/\/medizinonline.com\/pt-pt\/wp-json\/wp\/v2\/post_dl?tags=75675"},{"href":"https:\/\/medizinonline.com\/pt-pt\/wp-json\/wp\/v2\/tribe_events?tags=75675"},{"href":"https:\/\/medizinonline.com\/pt-pt\/wp-json\/wp\/v2\/tec_calendar_embed?tags=75675"}],"curies":[{"name":"wp","href":"https:\/\/api.w.org\/{rel}","templated":true}]}}